{"id":39250,"date":"2022-03-23T00:00:00","date_gmt":"2022-03-23T00:00:00","guid":{"rendered":"https:\/\/www.board.com\/board-international-nombra-rachael-baig-directora-de-programas-estrategicos\/"},"modified":"2025-02-25T22:20:03","modified_gmt":"2025-02-25T22:20:03","slug":"board-international-nombra-rachael-baig-directora-de-programas-estrategicos","status":"publish","type":"post","link":"https:\/\/wwwstg.board.com\/es\/news\/board-international-nombra-rachael-baig-directora-de-programas-estrategicos","title":{"rendered":"Board International nombra a Rachael Baig directora de Programas estrat\u00e9gicos"},"content":{"rendered":"\n\t\t<section id=\"block_29fd60100d4afdbe719703e113a22144-\" class=\"block columns-block block-hero-bubble hero-post bg-web-gradient-light \">\n\t\t<div class=\"breadcrumb-bar bg-brand-pearl\">\n\t\t\t<div class=\"container\">\n\t\t\t\t\t\t\t<\/div>\n\t\t<\/div>\n\n\t\t<div class=\"hero-wrapper\">\n\t\t\t<div class=\"container\">\n\t\t\t\t<div class=\"columns-block-row\">\n\t\t\t\t\t<div class=\"column-content d-flex align-items-center post-hero-content-left\">\n\t\t\t\t\t\t<div class=\"hero-grad-left\">\n\t\t\t\t\t\t\t<div class=\"hero-grad-post-info\">\n\t\t\t\t\t\t\t\t\t\t\t\t\t\t\t\t\t\t\t\t\t\t\t\t\t<a href=\"https:\/\/wwwstg.board.com\/es\/news?category=208\" class=\"btn-link btn-link--primary hero-grad-cat\">\n\t\t\t\t\t\t\t\t\t\t<span>Press Release<\/span>\n\t\t\t\t\t\t\t\t\t<\/a>\n\t\t\t\t\t\t\t\t\t\t\t\t\t\t\t\t\t\t\t\t\t\t\t\t\t<div class=\"d-flex flex-column flex-lg-row hero-grad-date\">\n\t\t\t\t\t\t\t\t\t\t<strong>mi\u00e9rcoles, 23 marzo 2022<\/strong>\n\t\t\t\t\t\t\t\t\t\t\t\t\t\t\t\t\t\t\t\t\t<strong>Chiasso, Switzerland and Boston, US<\/strong>\n\t\t\t\t\t\t\t\t\t\t\t\t\t\t\t\t\t\t\t<\/div>\n\t\t\t\t\t\t\t\t\t\t\t\t\t\t\t<\/div>\n\t\t\t\t\t\t\t<div class=\"hero-grad-copy\">\n\t\t\t\t\t\t\t\t\t\t\t\t\t\t\t\t\t\t\t\t\t\t\t\t\t\t\t<h1 class=\"has-visual-h-2-font-size\">Board International nombra a Rachael Baig directora de Programas estrat\u00e9gicos<\/h1>\n\t\t\t\t\t\t\t\t\t\t\t\t\t\t\t\t\t\n\t\t\t\t\t\t\t\t\t\t\t\t\t\t\t<\/div>\n\t\t\t\t\t\t<\/div>\n\t\t\t\t\t<\/div>\n\n\t\t\t\t\t\t\t\t\t\t\t\t\t\t\t\t\t<div class=\"column-content text-start align-self-start post-hero-content-right\">\n\t\t\t\t\t\t\t<div class=\"hero-grad-right\">\n\t\t\t\t\t\t\t\t\t\t\t\t\t\t\t\t\t<img decoding=\"async\" fetchpriority=\"high\" class=\"hero-bubbles-feature\" src=\"https:\/\/wwwstg.board.com\/wp-content\/uploads\/2025\/02\/1200x627-rachael-baig-1.jpg\" alt=\"\" height=\"200\" width=\"300\">\n\t\t\t\t\t\t\t\t\t\t\t\t\t\t\t<\/div>\n\t\t\t\t\t\t<\/div>\n\t\t\t\t\t\n\n\t\t\t\t<\/div>\n\t\t\t<\/div>\n\t\t<\/div>\n\t<\/section>\n\n\n\t\n\t<section id=\"block_7981b780e910d3392e870b7d5f39e229-1\" class=\"block block--spc single-page__post\">\n\t\t\n\n\t\t<div class=\"container\">\n\t\t\t<div class=\"row justify-content-center\">\n\t\t\t\t<div class=\"col-lg-7 position-relative\">\n\t\t\t\t\t\n\t\n<p>Board International, el proveedor de la plataforma de toma de decisiones n\u00famero uno, ha anunciado hoy la designaci\u00f3n de Rachael Baig como directora de Programas estrat\u00e9gicos.<\/p>\n\n<blockquote class=\"wp-block-quote is-layout-flow wp-block-quote-is-layout-flow\">\n\u201cRachael es una valiosa ejecutiva de estrategia y transformaci\u00f3n con una trayectoria de aporte de valor a organizaciones de alto crecimiento de diversos sectores\u201d, afirm\u00f3 Marco Limena, CEO de Board International. \u201cLa experiencia de Rachael en estrategia, planificaci\u00f3n y operaciones es una importante incorporaci\u00f3n a nuestro equipo directivo dado que continuamos impulsando y ampliando nuestras operaciones, de acuerdo con nuestros ambiciosos planes de crecimiento para este a\u00f1o\u201d.\u00a0\n<\/blockquote>\n\n<p>Rachael Baig aporta a Board m\u00e1s de 18 a\u00f1os de experiencia al frente de iniciativas estrat\u00e9gicas impulsando crecimiento, transformaci\u00f3n y valor en corporaciones globales, como Accenture, y en empresas punteras de software, como miembro de equipos de gesti\u00f3n ejecutiva de gran \u00e9xito. Baig es una l\u00edder transformadora con capacidad demostrada, especializada en estrategia y planificaci\u00f3n operativas de alto impacto necesarias para ampliar las empresas en situaciones de crecimiento org\u00e1nico, a trav\u00e9s de fusiones y adquisiciones. \u00a0\u00a0 \u00a0<\/p>\n\n\n<p>Anteriormente, Baig se ha desempe\u00f1ado como directora de estrategia y transformaci\u00f3n en Causeway Technologies, el proveedor de software como servicio (SaaS) para construcci\u00f3n, donde fue responsable del desarrollo de estrategias de negocio, la integraci\u00f3n de adquisiciones y la creaci\u00f3n de iniciativas estrat\u00e9gicas para apoyar los objetivos de crecimiento.<\/p>\n\n<blockquote class=\"wp-block-quote is-layout-flow wp-block-quote-is-layout-flow\">\n\u201cEstoy encantada de unirme a Board para definir y ofrecer iniciativas que impulsen las oportunidades de crecimiento\u201d, coment\u00f3 Rachael Baig, directora de programas estrat\u00e9gicos de Board International.\n\u201cLas empresas progresistas trabajan en una planificaci\u00f3n m\u00e1s inteligente y Board est\u00e1 bien situada para liderar la transformaci\u00f3n de una planificaci\u00f3n de negocio crucial en las finanzas y las operaciones. Deseo trabajar estrechamente con el personal de Board en el dise\u00f1o de programas estrat\u00e9gicos esenciales que cumplan nuestra visi\u00f3n de escala y crecimiento en los pr\u00f3ximos meses\u201d.\n<\/blockquote>\n\n<p>\u00a0<\/p>\n\n\n<p><strong>Sobre Board<\/strong><\/p>\n\n\n<p>Board es la plataforma n.\u00ba 1 de toma de decisiones, que permite a las personas tener un impacto transformador en su negocio ayud\u00e1ndoles a aprovechar de forma intuitiva sus datos en un entorno flexible todo en uno. Al unificar la planificaci\u00f3n, el an\u00e1lisis predictivo y la inteligencia empresarial, la plataforma Board permite a las empresas producir una vista \u00fanica y precisa de la informaci\u00f3n del negocio, obtener informaci\u00f3n procesable y lograr un control total del rendimiento en toda la organizaci\u00f3n. Con Board, empresas globales como H&amp;M, BASF, Burberry, Toyota, Coca-Cola, KPMG y HSBC han transformado digitalmente sus procesos de toma de decisiones.<\/p>\n\n\n<p>Fundada en 1994, y ahora con 25 oficinas en todo el mundo, Board International ha sido reconocida por los principales analistas y expertos en la materia, incluidos Gartner, Nucleus y Dresner.<\/p>\n\n\n<p>wwwstg.board.com<\/p>\n\n\t\n\t\t\t\t<\/div>\n\n\t\t\t\t<div class=\"col-lg-3\">\n\t\t\t\t\t<div class=\"desktop-sticky-column\">\n\t\t\t\t\t\t\n\n\t\t\t\t\t\t<div class=\"d-none d-lg-block\">\n\t\t\t\t\t\t\t\n\t\t\t\t\t\t<\/div>\n\t\t\t\t\t<\/div>\n\t\t\t\t<\/div>\n\t\t\t<\/div>\n\n\t\t\t<div class=\"d-lg-none\">\n\t\t\t\t\n\t\t\t<\/div>\n\t\t<\/div>\n\t<\/section>\n\n\n\n\t\t<section id=\"block_e0b7155242f7b405508ce16827bfe117-2\" class=\"block block--spc columns-block block-title-template pb-0 bg-blue-200 block-title-post\">\n\t\t<div class=\"container position-relative\">\n\t\t\t<div class=\"columns-block-row\">\n\t\t\t\t<div class=\"column-content text-start align-self-start\">\n\t\t\t\t\t\t\t\t\t\t\n\t\t<div id=\"block_cc19794a4175aff1a4d3dddfcd8f0324\" class=\"column-content   text-start align-self-start\">\n\t\t\n\t\n\t<h2 class=\"wp-block-heading has-text-align-center visual-h2\">Comunicados de prensa recientes<\/h2>\n\t\n\t\n\t<\/div>\n\n\t\n\t\t\t\t<\/div>\n\t\t\t<\/div>\n\t\t<\/div>\n\t<\/section>\n\n\t\n\n\t\t<section id=\"block_3ba2d4026abdd6b7996d28114a5bc5c6-3\" class=\"block block--spc columns-block grid grid--3 press-release-grid spacing-md bg-blue-200\">\n\t\t<div class=\"container position-relative\">\n\t\t\t<div class=\"columns-block-row\">\n\t\t\t\t<article class=\"card card--press-release\">\n\t\t<a href=\"https:\/\/wwwstg.board.com\/es\/news\/board-nombra-a-gordon-pothier-como-director-financiero-cfo\" class=\"btn-link btn-link--primary btn-link--arrow\" aria-label=\"Read article now\">\n\t\t\n\t\t<div class=\"card-body\">\n\t\t\t\t\t\t\t<span class=\"card-cat\">\n\t\t\t\t\tPress Release\t\t\t\t<\/span>\n\t\t\t\n\t\t\t\t\t\t\t<span class=\"card-date\">13 noviembre 2025<\/span>\t\t\t\n\t\t\t<p class=\"card-title display-6\">\n\t\t\t\tBoard nombra a Gordon Pothier como Director Financiero (CFO)\t\t\t<\/p>\n\n\t\t\t\n\t\t\t\n\t\t\t<div class=\"card-nav\">\n\t\t\t\t\t\t\t\t<span>Read article now<\/span>\n\t\t\t\t<span class=\"ico icon-chevron-right\" aria-hidden=\"true\"><\/span>\n\t\t\t<\/div>\n\t\t<\/div>\n\t<\/a>\n<\/article>\n<article class=\"card card--press-release\">\n\t\t<a href=\"https:\/\/wwwstg.board.com\/es\/news\/board-presenta-los-nuevos-productos-foresight-y-signals-revolucionando-la-planificacion-empresarial-con-ia-e-inteligencia-economica\" class=\"btn-link btn-link--primary btn-link--arrow\" aria-label=\"Read article now\">\n\t\t\n\t\t<div class=\"card-body\">\n\t\t\t\t\t\t\t<span class=\"card-cat\">\n\t\t\t\t\tPress Release\t\t\t\t<\/span>\n\t\t\t\n\t\t\t\t\t\t\t<span class=\"card-date\">6 mayo 2025<\/span>\t\t\t\n\t\t\t<p class=\"card-title display-6\">\n\t\t\t\tBoard presenta los nuevos productos Foresight y Signals: revolucionando la planificaci\u00f3n empresarial con IA e inteligencia econ\u00f3mica\t\t\t<\/p>\n\n\t\t\t\n\t\t\t\n\t\t\t<div class=\"card-nav\">\n\t\t\t\t\t\t\t\t<span>Read article now<\/span>\n\t\t\t\t<span class=\"ico icon-chevron-right\" aria-hidden=\"true\"><\/span>\n\t\t\t<\/div>\n\t\t<\/div>\n\t<\/a>\n<\/article>\n<article class=\"card card--press-release\">\n\t\t<a href=\"https:\/\/wwwstg.board.com\/es\/news\/board-presenta-los-nuevos-productos-foresight-signals-revolucionando-la-planificacion-empresarial-con-ia\" class=\"btn-link btn-link--primary btn-link--arrow\" aria-label=\"Read article now\">\n\t\t\n\t\t<div class=\"card-body\">\n\t\t\t\t\t\t\t<span class=\"card-cat\">\n\t\t\t\t\tPress Release\t\t\t\t<\/span>\n\t\t\t\n\t\t\t\t\t\t\t<span class=\"card-date\">19 febrero 2025<\/span>\t\t\t\n\t\t\t<p class=\"card-title display-6\">\n\t\t\t\tBoard presenta los nuevos productos Foresight y Signals: revolucionando la planificaci\u00f3n empresarial con IA e inteligencia econ\u00f3mica\t\t\t<\/p>\n\n\t\t\t\n\t\t\t\n\t\t\t<div class=\"card-nav\">\n\t\t\t\t\t\t\t\t<span>Read article now<\/span>\n\t\t\t\t<span class=\"ico icon-chevron-right\" aria-hidden=\"true\"><\/span>\n\t\t\t<\/div>\n\t\t<\/div>\n\t<\/a>\n<\/article>\n<article class=\"card card--press-release\">\n\t\t<a href=\"https:\/\/wwwstg.board.com\/es\/news\/board-reconocido-lider-gartner-magic-quadrant-planificacion-financiera\" class=\"btn-link btn-link--primary btn-link--arrow\" aria-label=\"Read article now\">\n\t\t\n\t\t<div class=\"card-body\">\n\t\t\t\t\t\t\t<span class=\"card-cat\">\n\t\t\t\t\tPress Release\t\t\t\t<\/span>\n\t\t\t\n\t\t\t\t\t\t\t<span class=\"card-date\">20 noviembre 2024<\/span>\t\t\t\n\t\t\t<p class=\"card-title display-6\">\n\t\t\t\tBoard reconocido como un L\u00edder en el Gartner\u00ae Magic Quadrant\u2122para Software de Planificaci\u00f3n Financiera por tercer a\u00f1o consecutivo\t\t\t<\/p>\n\n\t\t\t\n\t\t\t\n\t\t\t<div class=\"card-nav\">\n\t\t\t\t\t\t\t\t<span>Read article now<\/span>\n\t\t\t\t<span class=\"ico icon-chevron-right\" aria-hidden=\"true\"><\/span>\n\t\t\t<\/div>\n\t\t<\/div>\n\t<\/a>\n<\/article>\n<article class=\"card card--press-release\">\n\t\t<a href=\"https:\/\/wwwstg.board.com\/es\/news\/board-el-lider-en-intelligent-planning-nombra-al-veterano-de-la-industria-de-datos-jeff-casale\" class=\"btn-link btn-link--primary btn-link--arrow\" aria-label=\"Read article now\">\n\t\t\n\t\t<div class=\"card-body\">\n\t\t\t\t\t\t\t<span class=\"card-cat\">\n\t\t\t\t\tPress Release\t\t\t\t<\/span>\n\t\t\t\n\t\t\t\t\t\t\t<span class=\"card-date\">13 noviembre 2023<\/span>\t\t\t\n\t\t\t<p class=\"card-title display-6\">\n\t\t\t\tBoard, el l\u00edder en Intelligent Planning, nombra al veterano de la industria de datos Jeff Casale como Consejero Delegado\t\t\t<\/p>\n\n\t\t\t\n\t\t\t\n\t\t\t<div class=\"card-nav\">\n\t\t\t\t\t\t\t\t<span>Read article now<\/span>\n\t\t\t\t<span class=\"ico icon-chevron-right\" aria-hidden=\"true\"><\/span>\n\t\t\t<\/div>\n\t\t<\/div>\n\t<\/a>\n<\/article>\n<article class=\"card card--press-release\">\n\t\t<a href=\"https:\/\/wwwstg.board.com\/es\/news\/board-lanza-una-nueva-solucion-de-consolidacion-e-informacion-de-grupo\" class=\"btn-link btn-link--primary btn-link--arrow\" aria-label=\"Read article now\">\n\t\t\n\t\t<div class=\"card-body\">\n\t\t\t\t\t\t\t<span class=\"card-cat\">\n\t\t\t\t\tPress Release\t\t\t\t<\/span>\n\t\t\t\n\t\t\t\t\t\t\t<span class=\"card-date\">7 noviembre 2023<\/span>\t\t\t\n\t\t\t<p class=\"card-title display-6\">\n\t\t\t\tBoard lanza una nueva soluci\u00f3n de consolidaci\u00f3n e informaci\u00f3n de grupo\t\t\t<\/p>\n\n\t\t\t\n\t\t\t\n\t\t\t<div class=\"card-nav\">\n\t\t\t\t\t\t\t\t<span>Read article now<\/span>\n\t\t\t\t<span class=\"ico icon-chevron-right\" aria-hidden=\"true\"><\/span>\n\t\t\t<\/div>\n\t\t<\/div>\n\t<\/a>\n<\/article>\n\t\t\t<\/div>\n\t\t\t<div class=\"row\">\n\t\t\t\t<div class=\"col-12 text-center\">\n\t\t\t\t\t<a href=\"https:\/\/wwwstg.board.com\/es\/news\" class=\"btn-link btn-link--sm btn-link--primary btn-link--icon\">\n\t\t\t\t\t\t<span>See more articles<\/span>\n\t\t\t\t\t\t<span class=\"ico icon-chevron-right\" aria-hidden=\"true\"><\/span>\n\t\t\t\t\t<\/a>\n\t\t\t\t<\/div>\n\t\t\t<\/div>\n\t\t<\/div>\n\t<\/section>\n\n\n\t\t<section id=\"block_5d2331969347f2bf5d19d0e94ce14dc2-4\" class=\"block block--spc columns-block spacing-md footer-cta bg-violet-700\">\n\t\t\n\t\t\t<img loading=\"lazy\" decoding=\"async\" src=\"https:\/\/wwwstg.board.com\/wp-content\/uploads\/2024\/08\/pre-footersvg.svg\" class=\"shape-bg-image shape-bg-image-left\" alt=\"Background image shape - left\" height=\"510\" width=\"930\" aria-hidden=\"true\">\n\t\t\t<div class=\"overlay-gradient\"><\/div>\n\t\t<div class=\"container position-relative columns-70-30\">\n\t\t\t<div class=\"columns-block-row\">\n\t\t\t\t\t\t\t\t\n\t<div class=\"column-content \">\n\t\t\n\n<h2 class=\"wp-block-heading\">Descubre lo que Board puede hacer por ti.<\/h2>\n\n\n\n<p>Echa un vistazo a nuestra Plataforma de Planificaci\u00f3n Empresarial en acci\u00f3n.<\/p>\n\n\n\t<\/div>\n\n\n\t<div class=\"column-content \">\n\t\t\n\t\t<a href=\"https:\/\/wwwstg.board.com\/es\/solicitud-demo\" class=\"btn-link btn-link--white\"  target=\"\"\t\t\t>\n\t\t\t<span>Habla con un experto<\/span>\n\t\t<\/a>\n\t\n\n\t<\/div>\n\n\n\t\t\t<\/div>\n\t\t<\/div>\n\t<\/section>\n\n\t\r\n\r\n","protected":false},"excerpt":{"rendered":"","protected":false},"author":1,"featured_media":16258,"comment_status":"closed","ping_status":"closed","sticky":false,"template":"","format":"standard","meta":{"_acf_changed":false,"_themeisle_gutenberg_block_has_review":false,"footnotes":""},"categories":[208,65],"tags":[],"class_list":["post-39250","post","type-post","status-publish","format-standard","has-post-thumbnail","hentry","category-press-release-es","category-sin-categorizar"],"acf":[],"yoast_head":"<!-- This site is optimized with the Yoast SEO plugin v27.4 - https:\/\/yoast.com\/product\/yoast-seo-wordpress\/ -->\n<title>Board International Appoints Rachael Baig as Director of Strategic Programs<\/title>\n<meta name=\"description\" content=\"Strategy and transformation executive joins Board\u2019s leadership team\" \/>\n<meta name=\"robots\" content=\"noindex, follow, max-snippet:-1, max-image-preview:large, max-video-preview:-1\" \/>\n<meta property=\"og:locale\" content=\"es_ES\" \/>\n<meta property=\"og:type\" content=\"article\" \/>\n<meta property=\"og:title\" content=\"Board International Appoints Rachael Baig as Director of Strategic Programs\" \/>\n<meta property=\"og:description\" content=\"Strategy and transformation executive joins Board\u2019s leadership team\" \/>\n<meta property=\"og:url\" content=\"https:\/\/wwwstg.board.com\/es\/news\/board-international-nombra-rachael-baig-directora-de-programas-estrategicos\" \/>\n<meta property=\"og:site_name\" content=\"Board\" \/>\n<meta property=\"article:publisher\" content=\"https:\/\/www.facebook.com\/BOARD.International\" \/>\n<meta property=\"article:published_time\" content=\"2022-03-23T00:00:00+00:00\" \/>\n<meta property=\"article:modified_time\" content=\"2025-02-25T22:20:03+00:00\" \/>\n<meta property=\"og:image\" content=\"https:\/\/wwwstg.board.com\/wp-content\/uploads\/2025\/02\/1200x627-rachael-baig.jpg\" \/>\n<meta name=\"author\" content=\"Board\" \/>\n<meta name=\"twitter:card\" content=\"summary_large_image\" \/>\n<meta name=\"twitter:creator\" content=\"@BOARDSoftware\" \/>\n<meta name=\"twitter:site\" content=\"@BOARDSoftware\" \/>\n<meta name=\"twitter:label1\" content=\"Escrito por\" \/>\n\t<meta name=\"twitter:data1\" content=\"Board\" \/>\n\t<meta name=\"twitter:label2\" content=\"Tiempo de lectura\" \/>\n\t<meta name=\"twitter:data2\" content=\"2 minutos\" \/>\n<script type=\"application\/ld+json\" class=\"yoast-schema-graph\">{\"@context\":\"https:\\\/\\\/schema.org\",\"@graph\":[{\"@type\":\"Article\",\"@id\":\"https:\\\/\\\/wwwstg.board.com\\\/es\\\/news\\\/board-international-nombra-rachael-baig-directora-de-programas-estrategicos#article\",\"isPartOf\":{\"@id\":\"https:\\\/\\\/wwwstg.board.com\\\/es\\\/news\\\/board-international-nombra-rachael-baig-directora-de-programas-estrategicos\"},\"author\":{\"name\":\"Board\",\"@id\":\"https:\\\/\\\/wwwstg.board.com\\\/es#\\\/schema\\\/person\\\/c36c259d1f0c9255c81e0529b43566fb\"},\"headline\":\"Board International nombra a Rachael Baig directora de Programas estrat\u00e9gicos\",\"datePublished\":\"2022-03-23T00:00:00+00:00\",\"dateModified\":\"2025-02-25T22:20:03+00:00\",\"mainEntityOfPage\":{\"@id\":\"https:\\\/\\\/wwwstg.board.com\\\/es\\\/news\\\/board-international-nombra-rachael-baig-directora-de-programas-estrategicos\"},\"wordCount\":488,\"publisher\":{\"@id\":\"https:\\\/\\\/wwwstg.board.com\\\/es#organization\"},\"image\":{\"@id\":\"https:\\\/\\\/wwwstg.board.com\\\/es\\\/news\\\/board-international-nombra-rachael-baig-directora-de-programas-estrategicos#primaryimage\"},\"thumbnailUrl\":\"https:\\\/\\\/wwwstg.board.com\\\/wp-content\\\/uploads\\\/2025\\\/02\\\/1200x627-rachael-baig-1.jpg\",\"articleSection\":[\"Press Release\",\"Sin categorizar\"],\"inLanguage\":\"es\"},{\"@type\":\"WebPage\",\"@id\":\"https:\\\/\\\/wwwstg.board.com\\\/es\\\/news\\\/board-international-nombra-rachael-baig-directora-de-programas-estrategicos\",\"url\":\"https:\\\/\\\/wwwstg.board.com\\\/es\\\/news\\\/board-international-nombra-rachael-baig-directora-de-programas-estrategicos\",\"name\":\"Board International Appoints Rachael Baig as Director of Strategic Programs\",\"isPartOf\":{\"@id\":\"https:\\\/\\\/wwwstg.board.com\\\/es#website\"},\"primaryImageOfPage\":{\"@id\":\"https:\\\/\\\/wwwstg.board.com\\\/es\\\/news\\\/board-international-nombra-rachael-baig-directora-de-programas-estrategicos#primaryimage\"},\"image\":{\"@id\":\"https:\\\/\\\/wwwstg.board.com\\\/es\\\/news\\\/board-international-nombra-rachael-baig-directora-de-programas-estrategicos#primaryimage\"},\"thumbnailUrl\":\"https:\\\/\\\/wwwstg.board.com\\\/wp-content\\\/uploads\\\/2025\\\/02\\\/1200x627-rachael-baig-1.jpg\",\"datePublished\":\"2022-03-23T00:00:00+00:00\",\"dateModified\":\"2025-02-25T22:20:03+00:00\",\"description\":\"Strategy and transformation executive joins Board\u2019s leadership team\",\"breadcrumb\":{\"@id\":\"https:\\\/\\\/wwwstg.board.com\\\/es\\\/news\\\/board-international-nombra-rachael-baig-directora-de-programas-estrategicos#breadcrumb\"},\"inLanguage\":\"es\",\"potentialAction\":[{\"@type\":\"ReadAction\",\"target\":[\"https:\\\/\\\/wwwstg.board.com\\\/es\\\/news\\\/board-international-nombra-rachael-baig-directora-de-programas-estrategicos\"]}]},{\"@type\":\"ImageObject\",\"inLanguage\":\"es\",\"@id\":\"https:\\\/\\\/wwwstg.board.com\\\/es\\\/news\\\/board-international-nombra-rachael-baig-directora-de-programas-estrategicos#primaryimage\",\"url\":\"https:\\\/\\\/wwwstg.board.com\\\/wp-content\\\/uploads\\\/2025\\\/02\\\/1200x627-rachael-baig-1.jpg\",\"contentUrl\":\"https:\\\/\\\/wwwstg.board.com\\\/wp-content\\\/uploads\\\/2025\\\/02\\\/1200x627-rachael-baig-1.jpg\",\"width\":1200,\"height\":627},{\"@type\":\"BreadcrumbList\",\"@id\":\"https:\\\/\\\/wwwstg.board.com\\\/es\\\/news\\\/board-international-nombra-rachael-baig-directora-de-programas-estrategicos#breadcrumb\",\"itemListElement\":[{\"@type\":\"ListItem\",\"position\":1,\"name\":\"Home\",\"item\":\"https:\\\/\\\/wwwstg.board.com\\\/es\"},{\"@type\":\"ListItem\",\"position\":2,\"name\":\"Board International nombra a Rachael Baig directora de Programas estrat\u00e9gicos\"}]},{\"@type\":\"WebSite\",\"@id\":\"https:\\\/\\\/wwwstg.board.com\\\/es#website\",\"url\":\"https:\\\/\\\/wwwstg.board.com\\\/es\",\"name\":\"Board\",\"description\":\"The Enterprise Planning Platform\",\"publisher\":{\"@id\":\"https:\\\/\\\/wwwstg.board.com\\\/es#organization\"},\"potentialAction\":[{\"@type\":\"SearchAction\",\"target\":{\"@type\":\"EntryPoint\",\"urlTemplate\":\"https:\\\/\\\/wwwstg.board.com\\\/es?s={search_term_string}\"},\"query-input\":{\"@type\":\"PropertyValueSpecification\",\"valueRequired\":true,\"valueName\":\"search_term_string\"}}],\"inLanguage\":\"es\"},{\"@type\":\"Organization\",\"@id\":\"https:\\\/\\\/wwwstg.board.com\\\/es#organization\",\"name\":\"Board\",\"url\":\"https:\\\/\\\/wwwstg.board.com\\\/es\",\"logo\":{\"@type\":\"ImageObject\",\"inLanguage\":\"es\",\"@id\":\"https:\\\/\\\/wwwstg.board.com\\\/es#\\\/schema\\\/logo\\\/image\\\/\",\"url\":\"https:\\\/\\\/wwwstg.board.com\\\/wp-content\\\/uploads\\\/2024\\\/08\\\/board-footer-logo-grey-0-1.png\",\"contentUrl\":\"https:\\\/\\\/wwwstg.board.com\\\/wp-content\\\/uploads\\\/2024\\\/08\\\/board-footer-logo-grey-0-1.png\",\"width\":297,\"height\":103,\"caption\":\"Board\"},\"image\":{\"@id\":\"https:\\\/\\\/wwwstg.board.com\\\/es#\\\/schema\\\/logo\\\/image\\\/\"},\"sameAs\":[\"https:\\\/\\\/www.facebook.com\\\/BOARD.International\",\"https:\\\/\\\/x.com\\\/BOARDSoftware\",\"https:\\\/\\\/www.linkedin.com\\\/company\\\/board\\\/\",\"https:\\\/\\\/www.youtube.com\\\/user\\\/BOARDInternationalSA\",\"https:\\\/\\\/en.wikipedia.org\\\/wiki\\\/Board_International\"]},{\"@type\":\"Person\",\"@id\":\"https:\\\/\\\/wwwstg.board.com\\\/es#\\\/schema\\\/person\\\/c36c259d1f0c9255c81e0529b43566fb\",\"name\":\"Board\",\"image\":{\"@type\":\"ImageObject\",\"inLanguage\":\"es\",\"@id\":\"\\\/\\\/wwwstg.board.com\\\/wp-content\\\/uploads\\\/wpo365\\\/profile-images\\\/1.png\",\"url\":\"\\\/\\\/wwwstg.board.com\\\/wp-content\\\/uploads\\\/wpo365\\\/profile-images\\\/1.png\",\"contentUrl\":\"\\\/\\\/wwwstg.board.com\\\/wp-content\\\/uploads\\\/wpo365\\\/profile-images\\\/1.png\",\"caption\":\"Board\"},\"sameAs\":[\"https:\\\/\\\/wwwstg.board.com\"],\"url\":\"https:\\\/\\\/wwwstg.board.com\\\/es\\\/news\\\/author\\\/board1devid\"}]}<\/script>\n<!-- \/ Yoast SEO plugin. -->","yoast_head_json":{"title":"Board International Appoints Rachael Baig as Director of Strategic Programs","description":"Strategy and transformation executive joins Board\u2019s leadership team","robots":{"index":"noindex","follow":"follow","max-snippet":"max-snippet:-1","max-image-preview":"max-image-preview:large","max-video-preview":"max-video-preview:-1"},"og_locale":"es_ES","og_type":"article","og_title":"Board International Appoints Rachael Baig as Director of Strategic Programs","og_description":"Strategy and transformation executive joins Board\u2019s leadership team","og_url":"https:\/\/wwwstg.board.com\/es\/news\/board-international-nombra-rachael-baig-directora-de-programas-estrategicos","og_site_name":"Board","article_publisher":"https:\/\/www.facebook.com\/BOARD.International","article_published_time":"2022-03-23T00:00:00+00:00","article_modified_time":"2025-02-25T22:20:03+00:00","og_image":[{"url":"https:\/\/wwwstg.board.com\/wp-content\/uploads\/2025\/02\/1200x627-rachael-baig.jpg","type":"","width":"","height":""}],"author":"Board","twitter_card":"summary_large_image","twitter_creator":"@BOARDSoftware","twitter_site":"@BOARDSoftware","twitter_misc":{"Escrito por":"Board","Tiempo de lectura":"2 minutos"},"schema":{"@context":"https:\/\/schema.org","@graph":[{"@type":"Article","@id":"https:\/\/wwwstg.board.com\/es\/news\/board-international-nombra-rachael-baig-directora-de-programas-estrategicos#article","isPartOf":{"@id":"https:\/\/wwwstg.board.com\/es\/news\/board-international-nombra-rachael-baig-directora-de-programas-estrategicos"},"author":{"name":"Board","@id":"https:\/\/wwwstg.board.com\/es#\/schema\/person\/c36c259d1f0c9255c81e0529b43566fb"},"headline":"Board International nombra a Rachael Baig directora de Programas estrat\u00e9gicos","datePublished":"2022-03-23T00:00:00+00:00","dateModified":"2025-02-25T22:20:03+00:00","mainEntityOfPage":{"@id":"https:\/\/wwwstg.board.com\/es\/news\/board-international-nombra-rachael-baig-directora-de-programas-estrategicos"},"wordCount":488,"publisher":{"@id":"https:\/\/wwwstg.board.com\/es#organization"},"image":{"@id":"https:\/\/wwwstg.board.com\/es\/news\/board-international-nombra-rachael-baig-directora-de-programas-estrategicos#primaryimage"},"thumbnailUrl":"https:\/\/wwwstg.board.com\/wp-content\/uploads\/2025\/02\/1200x627-rachael-baig-1.jpg","articleSection":["Press Release","Sin categorizar"],"inLanguage":"es"},{"@type":"WebPage","@id":"https:\/\/wwwstg.board.com\/es\/news\/board-international-nombra-rachael-baig-directora-de-programas-estrategicos","url":"https:\/\/wwwstg.board.com\/es\/news\/board-international-nombra-rachael-baig-directora-de-programas-estrategicos","name":"Board International Appoints Rachael Baig as Director of Strategic Programs","isPartOf":{"@id":"https:\/\/wwwstg.board.com\/es#website"},"primaryImageOfPage":{"@id":"https:\/\/wwwstg.board.com\/es\/news\/board-international-nombra-rachael-baig-directora-de-programas-estrategicos#primaryimage"},"image":{"@id":"https:\/\/wwwstg.board.com\/es\/news\/board-international-nombra-rachael-baig-directora-de-programas-estrategicos#primaryimage"},"thumbnailUrl":"https:\/\/wwwstg.board.com\/wp-content\/uploads\/2025\/02\/1200x627-rachael-baig-1.jpg","datePublished":"2022-03-23T00:00:00+00:00","dateModified":"2025-02-25T22:20:03+00:00","description":"Strategy and transformation executive joins Board\u2019s leadership team","breadcrumb":{"@id":"https:\/\/wwwstg.board.com\/es\/news\/board-international-nombra-rachael-baig-directora-de-programas-estrategicos#breadcrumb"},"inLanguage":"es","potentialAction":[{"@type":"ReadAction","target":["https:\/\/wwwstg.board.com\/es\/news\/board-international-nombra-rachael-baig-directora-de-programas-estrategicos"]}]},{"@type":"ImageObject","inLanguage":"es","@id":"https:\/\/wwwstg.board.com\/es\/news\/board-international-nombra-rachael-baig-directora-de-programas-estrategicos#primaryimage","url":"https:\/\/wwwstg.board.com\/wp-content\/uploads\/2025\/02\/1200x627-rachael-baig-1.jpg","contentUrl":"https:\/\/wwwstg.board.com\/wp-content\/uploads\/2025\/02\/1200x627-rachael-baig-1.jpg","width":1200,"height":627},{"@type":"BreadcrumbList","@id":"https:\/\/wwwstg.board.com\/es\/news\/board-international-nombra-rachael-baig-directora-de-programas-estrategicos#breadcrumb","itemListElement":[{"@type":"ListItem","position":1,"name":"Home","item":"https:\/\/wwwstg.board.com\/es"},{"@type":"ListItem","position":2,"name":"Board International nombra a Rachael Baig directora de Programas estrat\u00e9gicos"}]},{"@type":"WebSite","@id":"https:\/\/wwwstg.board.com\/es#website","url":"https:\/\/wwwstg.board.com\/es","name":"Board","description":"The Enterprise Planning Platform","publisher":{"@id":"https:\/\/wwwstg.board.com\/es#organization"},"potentialAction":[{"@type":"SearchAction","target":{"@type":"EntryPoint","urlTemplate":"https:\/\/wwwstg.board.com\/es?s={search_term_string}"},"query-input":{"@type":"PropertyValueSpecification","valueRequired":true,"valueName":"search_term_string"}}],"inLanguage":"es"},{"@type":"Organization","@id":"https:\/\/wwwstg.board.com\/es#organization","name":"Board","url":"https:\/\/wwwstg.board.com\/es","logo":{"@type":"ImageObject","inLanguage":"es","@id":"https:\/\/wwwstg.board.com\/es#\/schema\/logo\/image\/","url":"https:\/\/wwwstg.board.com\/wp-content\/uploads\/2024\/08\/board-footer-logo-grey-0-1.png","contentUrl":"https:\/\/wwwstg.board.com\/wp-content\/uploads\/2024\/08\/board-footer-logo-grey-0-1.png","width":297,"height":103,"caption":"Board"},"image":{"@id":"https:\/\/wwwstg.board.com\/es#\/schema\/logo\/image\/"},"sameAs":["https:\/\/www.facebook.com\/BOARD.International","https:\/\/x.com\/BOARDSoftware","https:\/\/www.linkedin.com\/company\/board\/","https:\/\/www.youtube.com\/user\/BOARDInternationalSA","https:\/\/en.wikipedia.org\/wiki\/Board_International"]},{"@type":"Person","@id":"https:\/\/wwwstg.board.com\/es#\/schema\/person\/c36c259d1f0c9255c81e0529b43566fb","name":"Board","image":{"@type":"ImageObject","inLanguage":"es","@id":"\/\/wwwstg.board.com\/wp-content\/uploads\/wpo365\/profile-images\/1.png","url":"\/\/wwwstg.board.com\/wp-content\/uploads\/wpo365\/profile-images\/1.png","contentUrl":"\/\/wwwstg.board.com\/wp-content\/uploads\/wpo365\/profile-images\/1.png","caption":"Board"},"sameAs":["https:\/\/wwwstg.board.com"],"url":"https:\/\/wwwstg.board.com\/es\/news\/author\/board1devid"}]}},"_links":{"self":[{"href":"https:\/\/wwwstg.board.com\/es\/wp-json\/wp\/v2\/posts\/39250","targetHints":{"allow":["GET"]}}],"collection":[{"href":"https:\/\/wwwstg.board.com\/es\/wp-json\/wp\/v2\/posts"}],"about":[{"href":"https:\/\/wwwstg.board.com\/es\/wp-json\/wp\/v2\/types\/post"}],"author":[{"embeddable":true,"href":"https:\/\/wwwstg.board.com\/es\/wp-json\/wp\/v2\/users\/1"}],"replies":[{"embeddable":true,"href":"https:\/\/wwwstg.board.com\/es\/wp-json\/wp\/v2\/comments?post=39250"}],"version-history":[{"count":0,"href":"https:\/\/wwwstg.board.com\/es\/wp-json\/wp\/v2\/posts\/39250\/revisions"}],"wp:featuredmedia":[{"embeddable":true,"href":"https:\/\/wwwstg.board.com\/es\/wp-json\/wp\/v2\/media\/16258"}],"wp:attachment":[{"href":"https:\/\/wwwstg.board.com\/es\/wp-json\/wp\/v2\/media?parent=39250"}],"wp:term":[{"taxonomy":"category","embeddable":true,"href":"https:\/\/wwwstg.board.com\/es\/wp-json\/wp\/v2\/categories?post=39250"},{"taxonomy":"post_tag","embeddable":true,"href":"https:\/\/wwwstg.board.com\/es\/wp-json\/wp\/v2\/tags?post=39250"}],"curies":[{"name":"wp","href":"https:\/\/api.w.org\/{rel}","templated":true}]}}