{"id":98969,"date":"2025-09-22T08:00:00","date_gmt":"2025-09-22T08:00:00","guid":{"rendered":"https:\/\/www.board.com\/?p=98969"},"modified":"2025-09-23T15:20:08","modified_gmt":"2025-09-23T15:20:08","slug":"tedi-setzt-auf-board-zur-vereinheitlichung-und-modernisierung-der-unternehmensplanung","status":"publish","type":"post","link":"https:\/\/wwwstg.board.com\/de\/news\/tedi-setzt-auf-board-zur-vereinheitlichung-und-modernisierung-der-unternehmensplanung","title":{"rendered":"TEDi setzt auf Board zur Vereinheitlichung und Modernisierung der Unternehmensplanung"},"content":{"rendered":"\t<section id=\"block_2e6d00f062c1521ebfd37704cc0ecb04-\" class=\"block columns-block block-hero-bubble hero-post bg-web-gradient-light pt-0 pb-0 \">\n\t\t<div class=\"breadcrumb-bar bg-brand-pearl\">\n\t\t\t<div class=\"container\">\n\t\t\t\t\t\t\t<\/div>\n\t\t<\/div>\n\n\t\t<div class=\"hero-wrapper\">\n\t\t\t<div class=\"container\">\n\t\t\t\t<div class=\"columns-block-row\">\n\t\t\t\t\t<div class=\"column-content d-flex align-items-center post-hero-content-left\">\n\t\t\t\t\t\t<div class=\"hero-grad-left\">\n\t\t\t\t\t\t\t<div class=\"hero-grad-post-info\">\n\t\t\t\t\t\t\t\t\t\t\t\t\t\t\t\t\t\t\t\t\t\t\t\t\t<a href=\"https:\/\/wwwstg.board.com\/de\/news?category=205\" class=\"btn-link btn-link--primary hero-grad-cat\">\n\t\t\t\t\t\t\t\t\t\t<span>Press Release<\/span>\n\t\t\t\t\t\t\t\t\t<\/a>\n\t\t\t\t\t\t\t\t\t\t\t\t\t\t\t\t\t\t\t\t\t\t\t\t\t<div class=\"d-flex flex-column flex-lg-row hero-grad-date\">\n\t\t\t\t\t\t\t\t\t\t<strong>Montag, 22 September 2025<\/strong>\n\t\t\t\t\t\t\t\t\t\t\t\t\t\t\t\t\t\t\t<\/div>\n\t\t\t\t\t\t\t\t\t\t\t\t\t\t\t<\/div>\n\t\t\t\t\t\t\t<div class=\"hero-grad-copy\">\n\t\t\t\t\t\t\t\t\t\t\t\t\t\t\t\t\t\t\t\t\t\t\t\t\t\t\t<h1 class=\"has-visual-h-2-font-size\">TEDi setzt auf Board zur Vereinheitlichung und Modernisierung der Unternehmensplanung<\/h1>\n\t\t\t\t\t\t\t\t\t\t\t\t\t\t\t\t\t\n\t\t\t\t\t\t\t\t\t\t\t\t\t\t\t<\/div>\n\t\t\t\t\t\t<\/div>\n\t\t\t\t\t<\/div>\n\n\t\t\t\t\t\n\n\t\t\t\t<\/div>\n\t\t\t<\/div>\n\t\t<\/div>\n\t<\/section>\n\n\t<section id=\"block_e61a6bf9b35ce5af1c59a4ca3e46a3b9-1\" class=\"block block--spc single-page__post\">\n\t\t\n\n\t\t<div class=\"container\">\n\t\t\t<div class=\"row justify-content-center\">\n\t\t\t\t<div class=\"col-lg-7 position-relative\">\n\t\t\t\t\t\n\n<h2 class=\"wp-block-heading\">Boards Enterprise Planning Platform erm\u00f6glicht TEDi die Integration von Finanz-, Betriebs- und Warenplanung in ganz Europa<\/h2>\n\n\n\n<p><strong>Frankfurt am Main \u2013 22. September 2025 <\/strong> <a href=\"https:\/\/www.tedi.com\/\">TEDi<\/a>, einer der gr\u00f6\u00dften Discounter Europas mit mehr als 3.600 Filialen in 15 L\u00e4ndern, hat sich f\u00fcr die <a href=\"https:\/\/wwwstg.board.com\/de\">Board <\/a>Enterprise Planning Platform entschieden, um seine Finanz-, Betriebs- und Warenplanung auf einer einheitlichen Plattform zusammenzuf\u00fchren. Zun\u00e4chst wird der H\u00e4ndler gemeinsam mit dem Partner <a href=\"https:\/\/bdg.io\/de\/\">bdg <\/a>die Finanzplanung implementieren, gefolgt von weiteren Rollouts in der Betriebs- und Warenplanung mit dem Partner <a href=\"https:\/\/www.celver.com\/unternehmen\/ueber-uns\">celver<\/a>. <\/p>\n\n\n\n<p>Mit einem Jahresumsatz von \u00fcber 3 Milliarden Euro bereitet sich TEDi auf die n\u00e4chste Wachstumsphase vor und plant, sein Filialnetz in den kommenden Jahren auf 5.000 Standorte auszubauen. Die Board Enterprise Planning Platform wird dieses Wachstum unterst\u00fctzen, indem sie die Kostenstellenplanung in allen 15 europ\u00e4ischen L\u00e4ndern \u2013 einschlie\u00dflich Intercompany-Verrechnungen \u2013 vereinheitlicht und Finanz- sowie Betriebsplanung eng miteinander verzahnt, um Effizienz und Entscheidungsfindung zu st\u00e4rken. <\/p>\n\n\n\n<p><em>\u201eUnsere Vision ist es, alle relevanten Gesch\u00e4ftsprozesse \u2013 von der Planung bis zur Umsetzung \u2013 \u00fcber eine einzige Plattform zu steuern. Mit Board haben wir einen Partner gefunden, der uns mit seiner Technologie \u00fcberzeugt hat und unsere Wachstumsambitionen versteht und unterst\u00fctzt\u201c, sagt Verena Siemes, Director IT bei TEDi. <\/em> sagt Verena Siemes, Director IT bei TEDi.<\/p>\n\n\n\n<p>Der Go-Live ist f\u00fcr Juli 2026 geplant und wird zentrale Bereiche wie Gesch\u00e4ftsjahresplanung, Filialexpansion, Sortiment und Vertrieb, Logistikkapazit\u00e4ten, Einkauf und Promotionen sowie Personalplanung abdecken.<\/p>\n\n\n\n<p><em>\u201eDiese Partnerschaft zeigt, wie die Board Enterprise Planning Platform in der Lage ist, den komplexen Planungsanforderungen f\u00fchrender Einzelh\u00e4ndler gerecht zu werden\u201c, erkl\u00e4rt Bj\u00f6rn Stauss, Country Manager DACH bei Board. \u201eWir sind stolz darauf, TEDi dabei zu unterst\u00fctzen, seine Planung \u00fcber Finanzen, Betrieb und Waren hinweg zu vereinheitlichen.\u201c <\/em><\/p>\n\n\n\n<p>Together, TEDi and Board are creating a blueprint for how retailers can unify finance and operations to scale efficiently across international markets. To learn more, visit <a href=\"http:\/\/wwwstg.board.com\/de\/\">Board<\/a> and <a href=\"http:\/\/www.tedi.com\/\">www.tedi.com<\/a> <\/p>\n\n\n\n<h3 class=\"wp-block-heading\"><strong>\u00dcber TEDi<\/strong><\/h3>\n\n\n\n<p>TEDi ist Europas f\u00fchrender Non-Food-Discounter und bietet die gr\u00f6\u00dfte Produktvielfalt zu g\u00fcnstigen Preisen. Das 2004 in Deutschland gegr\u00fcndete Unternehmen ist heute in 15 europ\u00e4ischen L\u00e4ndern mit \u00fcber 3.600 Filialen vertreten. Der Non-Food-Discounter setzt seinen Wachstumskurs fort und plant mittelfristig ein Netz von 5.000 Filialen in Europa.  <\/p>\n\n\n\n<p>TEDi ist voller Ideen. Das Sortiment umfasst ein breites Spektrum an Produkten in den Bereichen Schreibwaren, Bastel- und Dekorationsartikel, Haushaltswaren, Partybedarf und Trendprodukte. Erg\u00e4nzt wird das Angebot durch Spielwaren, DIY-Artikel, S\u00fc\u00dfwaren und Tierbedarf. TEDi setzt auf gute Qualit\u00e4t zu niedrigen Preisen und bietet sowohl Marken- als auch Eigenmarkenprodukte. 5.000 Artikel sind dauerhaft f\u00fcr 1 Euro oder weniger erh\u00e4ltlich.    <\/p>\n\n\n\n<p>Soziale Verantwortung und Umweltschutz haben bei TEDi einen hohen Stellenwert. Weitere Informationen finden Sie unter <a href=\"http:\/\/www.tedi.com\">www.tedi.com<\/a>. <\/p>\n\n\n\n<h3 class=\"wp-block-heading\"><strong>\u00dcber Board<\/strong><\/h3>\n\n\n\n<p>Board ist Anbieter der Enterprise Planning Platform, die Business Performance verbessert, kontinuierliche Planung erm\u00f6glicht und eine sichere, abgestimmte Entscheidungsfindung unterst\u00fctzt. Die Board-Plattform sorgt f\u00fcr genauere Forecasts und bietet Echtzeit-Transparenz \u00fcber unternehmensinterne und -externe Daten. Sie verbindet Finanz- und operative Bereiche auf einer gemeinsamen Datenbasis. Dank KI-Unterst\u00fctzung f\u00fcr jede Funktion k\u00f6nnen die Teams kontinuierlich intelligentere Entscheidungen treffen und so planbare, profitable Gesch\u00e4ftsergebnisse erzielen. Deshalb vertrauen vision\u00e4re globale Unternehmen wie H&amp;M, BASF, Burberry, Toyota, Coca-Cola, HSBC und tausende weitere auf Board, um sich sicher in komplexen M\u00e4rkten zu bewegen.    <\/p>\n\n\n\n<p>Weitere Informationen unter <a href=\"http:\/\/wwwstg.board.com\">wwwstg.board.com\/de\/.<\/a><\/p>\n\n\n\n<h4 class=\"wp-block-heading\"><strong>Press contact DACH<\/strong><\/h4>\n\n\n\n<p>Melanie Oeldorf<br\/>Head of International Marketing<br\/>+41 79 170 4915<br\/><a href=\"http:\/\/go.board.com\/MDYzLVhVUC03MjQAAAGLOGMlP_nGT-TTT-H5oquYdfBVOBwQmzmTmtzQZxAzMccqNVMMOhgdJxbQSIC1sJtaXiCZuOE=\" target=\"_blank\" rel=\"noreferrer noopener\">moeldorf@board.com<\/a><\/p>\n\n\n\n<h4 class=\"wp-block-heading\"><strong>Press contact <\/strong><strong>International<\/strong><\/h4>\n\n\n\n<p>Jennie Olean<br\/><a href=\"mailto:jolean@board.com\">jolean@board.com<\/a><\/p>\n\n\n\t\t\t\t<\/div>\n\n\t\t\t\t<div class=\"col-lg-3\">\n\t\t\t\t\t<div class=\"desktop-sticky-column\">\n\t\t\t\t\t\t\n\n\t\t\t\t\t\t<div class=\"d-none d-lg-block\">\n\t\t\t\t\t\t\t\n\t\t\t\t\t\t<\/div>\n\t\t\t\t\t<\/div>\n\t\t\t\t<\/div>\n\t\t\t<\/div>\n\n\t\t\t<div class=\"d-lg-none\">\n\t\t\t\t\n\t\t\t<\/div>\n\t\t<\/div>\n\t<\/section>\n\n\t<section id=\"block_4ee3130bc5738c646b75d6ae063963c6-2\" class=\"block block--spc columns-block block-title-template pb-0 bg-blue-200 block-title-post\">\n\t\t<div class=\"container position-relative\">\n\t\t\t<div class=\"columns-block-row\">\n\t\t\t\t<div class=\"column-content text-start align-self-start\">\n\t\t\t\t\t\t\t\t\t\t\n\t<div id=\"block_a52140b0c6c717dcdce47828e197b089\" class=\"column-content   text-start align-self-start\">\n\t\t\n\n<h2 class=\"wp-block-heading has-text-align-center visual-h2\">Neueste Pressemitteilungen<\/h2>\n\n\n\t<\/div>\n\n\n\t\t\t\t<\/div>\n\t\t\t<\/div>\n\t\t<\/div>\n\t<\/section>\n\n\t\t<section id=\"block_2f42c33e57a84dd8332fc5cf7cb909e8-3\" class=\"block block--spc columns-block grid grid--3 press-release-grid spacing-md bg-blue-200\">\n\t\t<div class=\"container position-relative\">\n\t\t\t<div class=\"columns-block-row\">\n\t\t\t\t<article class=\"card card--press-release\">\n\t\t<a href=\"https:\/\/wwwstg.board.com\/de\/news\/board-arbeitet-mit-microsoft-zusammen-um-agentische-ki-in-den-kern-der-unternehmensplanung-zu-bringen\" class=\"btn-link btn-link--primary btn-link--arrow\" aria-label=\"Jetzt Artikel lesen\">\n\t\t\n\t\t<div class=\"card-body\">\n\t\t\t\t\t\t\t<span class=\"card-cat\">\n\t\t\t\t\tPress Release\t\t\t\t<\/span>\n\t\t\t\n\t\t\t\t\t\t\t<span class=\"card-date\">21 Januar 2026<\/span>\t\t\t\n\t\t\t<p class=\"card-title display-6\">\n\t\t\t\tBoard arbeitet mit Microsoft zusammen, um agentische KI in den Kern der Unternehmensplanung zu bringen\t\t\t<\/p>\n\n\t\t\t\n\t\t\t\n\t\t\t<div class=\"card-nav\">\n\t\t\t\t\t\t\t\t<span>Jetzt Artikel lesen<\/span>\n\t\t\t\t<span class=\"ico icon-chevron-right\" aria-hidden=\"true\"><\/span>\n\t\t\t<\/div>\n\t\t<\/div>\n\t<\/a>\n<\/article>\n<article class=\"card card--press-release\">\n\t\t<a href=\"https:\/\/wwwstg.board.com\/de\/news\/board-erneut-als-leader-im-gartner-magic-quadrant-fur-finanzplanungssoftware-eingestuft-zum-vierten-mal-in-folge\" class=\"btn-link btn-link--primary btn-link--arrow\" aria-label=\"Jetzt Artikel lesen\">\n\t\t\n\t\t<div class=\"card-body\">\n\t\t\t\t\t\t\t<span class=\"card-cat\">\n\t\t\t\t\tPress Release\t\t\t\t<\/span>\n\t\t\t\n\t\t\t\t\t\t\t<span class=\"card-date\">4 Dezember 2025<\/span>\t\t\t\n\t\t\t<p class=\"card-title display-6\">\n\t\t\t\tBoard erneut als Leader im Gartner\u00ae Magic Quadrant\u2122 f\u00fcr Finanzplanungssoftware eingestuft \u2013 zum vierten Mal in Folge\t\t\t<\/p>\n\n\t\t\t\n\t\t\t\n\t\t\t<div class=\"card-nav\">\n\t\t\t\t\t\t\t\t<span>Jetzt Artikel lesen<\/span>\n\t\t\t\t<span class=\"ico icon-chevron-right\" aria-hidden=\"true\"><\/span>\n\t\t\t<\/div>\n\t\t<\/div>\n\t<\/a>\n<\/article>\n<article class=\"card card--press-release\">\n\t\t<a href=\"https:\/\/wwwstg.board.com\/de\/news\/board-ernennt-gordon-pothier-zum-finanzvorstand\" class=\"btn-link btn-link--primary btn-link--arrow\" aria-label=\"Jetzt Artikel lesen\">\n\t\t\n\t\t<div class=\"card-body\">\n\t\t\t\t\t\t\t<span class=\"card-cat\">\n\t\t\t\t\tPress Release\t\t\t\t<\/span>\n\t\t\t\n\t\t\t\t\t\t\t<span class=\"card-date\">13 November 2025<\/span>\t\t\t\n\t\t\t<p class=\"card-title display-6\">\n\t\t\t\tBoard ernennt Gordon Pothier zum Chief Financial Officer, um die Finanzf\u00fchrung zu st\u00e4rken und das weltweite Wachstum weiter voranzutreiben\t\t\t<\/p>\n\n\t\t\t\n\t\t\t\n\t\t\t<div class=\"card-nav\">\n\t\t\t\t\t\t\t\t<span>Jetzt Artikel lesen<\/span>\n\t\t\t\t<span class=\"ico icon-chevron-right\" aria-hidden=\"true\"><\/span>\n\t\t\t<\/div>\n\t\t<\/div>\n\t<\/a>\n<\/article>\n<article class=\"card card--press-release\">\n\t\t<a href=\"https:\/\/wwwstg.board.com\/de\/news\/board-erhaelt-microsoft-solutions-partner-auszeichnung-mit-azure-certified-software-fuer-seine-enterprise-planning-platform\" class=\"btn-link btn-link--primary btn-link--arrow\" aria-label=\"Jetzt Artikel lesen\">\n\t\t\n\t\t<div class=\"card-body\">\n\t\t\t\t\t\t\t<span class=\"card-cat\">\n\t\t\t\t\tPress Release\t\t\t\t<\/span>\n\t\t\t\n\t\t\t\t\t\t\t<span class=\"card-date\">19 August 2025<\/span>\t\t\t\n\t\t\t<p class=\"card-title display-6\">\n\t\t\t\tBoard erh\u00e4lt Microsoft Solutions Partner-Auszeichnung mit Azure Certified Software f\u00fcr seine Enterprise Planning Platform\t\t\t<\/p>\n\n\t\t\t\n\t\t\t\n\t\t\t<div class=\"card-nav\">\n\t\t\t\t\t\t\t\t<span>Jetzt Artikel lesen<\/span>\n\t\t\t\t<span class=\"ico icon-chevron-right\" aria-hidden=\"true\"><\/span>\n\t\t\t<\/div>\n\t\t<\/div>\n\t<\/a>\n<\/article>\n<article class=\"card card--press-release\">\n\t\t<a href=\"https:\/\/wwwstg.board.com\/de\/news\/board-revolutioniert-die-arbeitsweise-von-planern-mit-ki-gestutzten-agenten\" class=\"btn-link btn-link--primary btn-link--arrow\" aria-label=\"Jetzt Artikel lesen\">\n\t\t\n\t\t<div class=\"card-body\">\n\t\t\t\t\t\t\t<span class=\"card-cat\">\n\t\t\t\t\tPress Release\t\t\t\t<\/span>\n\t\t\t\n\t\t\t\t\t\t\t<span class=\"card-date\">11 Juni 2025<\/span>\t\t\t\n\t\t\t<p class=\"card-title display-6\">\n\t\t\t\tBoard revolutioniert die Arbeitsweise von Planern mit KI-gest\u00fctzten Agenten\t\t\t<\/p>\n\n\t\t\t\n\t\t\t\n\t\t\t<div class=\"card-nav\">\n\t\t\t\t\t\t\t\t<span>Jetzt Artikel lesen<\/span>\n\t\t\t\t<span class=\"ico icon-chevron-right\" aria-hidden=\"true\"><\/span>\n\t\t\t<\/div>\n\t\t<\/div>\n\t<\/a>\n<\/article>\n<article class=\"card card--press-release\">\n\t\t<a href=\"https:\/\/wwwstg.board.com\/de\/news\/board-erreicht-vier-top-ranks-und-20-leading-positions-beim-barc-planning-survey-25\" class=\"btn-link btn-link--primary btn-link--arrow\" aria-label=\"Jetzt Artikel lesen\">\n\t\t\n\t\t<div class=\"card-body\">\n\t\t\t\t\t\t\t<span class=\"card-cat\">\n\t\t\t\t\tPress Release\t\t\t\t<\/span>\n\t\t\t\n\t\t\t\t\t\t\t<span class=\"card-date\">3 Juni 2025<\/span>\t\t\t\n\t\t\t<p class=\"card-title display-6\">\n\t\t\t\tBoard erreicht vier Top Ranks und 20 Leading Positions beim BARC Planning Survey 25\t\t\t<\/p>\n\n\t\t\t\n\t\t\t\n\t\t\t<div class=\"card-nav\">\n\t\t\t\t\t\t\t\t<span>Jetzt Artikel lesen<\/span>\n\t\t\t\t<span class=\"ico icon-chevron-right\" aria-hidden=\"true\"><\/span>\n\t\t\t<\/div>\n\t\t<\/div>\n\t<\/a>\n<\/article>\n\t\t\t<\/div>\n\t\t\t<div class=\"row\">\n\t\t\t\t<div class=\"col-12 text-center\">\n\t\t\t\t\t<a href=\"https:\/\/wwwstg.board.com\/de\/news\" class=\"btn-link btn-link--sm btn-link--primary btn-link--icon\">\n\t\t\t\t\t\t<span>Weitere Artikel anzeigen<\/span>\n\t\t\t\t\t\t<span class=\"ico icon-chevron-right\" aria-hidden=\"true\"><\/span>\n\t\t\t\t\t<\/a>\n\t\t\t\t<\/div>\n\t\t\t<\/div>\n\t\t<\/div>\n\t<\/section>\n\t<section id=\"block_85e76c64ec9e78bf0e0b2a6004a3829a-4\" class=\"block block--spc columns-block spacing-md footer-cta bg-violet-700\">\n\t\t\n\t\t\t<img loading=\"lazy\" decoding=\"async\" src=\"https:\/\/wwwstg.board.com\/wp-content\/uploads\/2024\/08\/pre-footersvg.svg\" class=\"shape-bg-image shape-bg-image-left\" alt=\"Background image shape - left\" height=\"510\" width=\"930\" aria-hidden=\"true\">\n\t\t\t<div class=\"overlay-gradient\"><\/div>\n\t\t<div class=\"container position-relative columns-70-30\">\n\t\t\t<div class=\"columns-block-row\">\n\t\t\t\t\t\t\t\t\n\t<div class=\"column-content \">\n\t\t\n\n<h2 class=\"wp-block-heading\">Sehen Sie selbst, was Board f\u00fcr Sie tun kann.<\/h2>\n\n\n\n<p>Sehen Sie sich unsere Enterprise Planning Platform in Aktion an.<\/p>\n\n\n\t<\/div>\n\n\n\t<div class=\"column-content \">\n\t\t\n\t\t<a href=\"https:\/\/wwwstg.board.com\/de\/demo-anfordern\" class=\"btn-link btn-link--white\"  target=\"\"\t\t\t>\n\t\t\t<span>Sprechen Sie mit einem Experten<\/span>\n\t\t<\/a>\n\t\n\n\t<\/div>\n\n\n\t\t\t<\/div>\n\t\t<\/div>\n\t<\/section>\n\n\t","protected":false},"excerpt":{"rendered":"<p>Boards Enterprise Planning Platform erm\u00f6glicht TEDi die Integration von Finanz-, Betriebs- und Warenplanung in ganz Europa <\/p>\n","protected":false},"author":96,"featured_media":0,"comment_status":"closed","ping_status":"closed","sticky":false,"template":"","format":"standard","meta":{"_acf_changed":false,"_themeisle_gutenberg_block_has_review":false,"footnotes":""},"categories":[205],"tags":[],"class_list":["post-98969","post","type-post","status-publish","format-standard","hentry","category-press-release-de"],"acf":[],"yoast_head":"<!-- This site is optimized with the Yoast SEO plugin v27.4 - https:\/\/yoast.com\/product\/yoast-seo-wordpress\/ -->\n<title>Board | TEDi setzt auf Board zur Vereinheitlichung und Modernisierung der Unternehmensplanung<\/title>\n<meta name=\"robots\" content=\"noindex, follow, max-snippet:-1, max-image-preview:large, max-video-preview:-1\" \/>\n<meta property=\"og:locale\" content=\"de_DE\" \/>\n<meta property=\"og:type\" content=\"article\" \/>\n<meta property=\"og:title\" content=\"Board | TEDi setzt auf Board zur Vereinheitlichung und Modernisierung der Unternehmensplanung\" \/>\n<meta property=\"og:description\" content=\"Boards Enterprise Planning Platform erm\u00f6glicht TEDi die Integration von Finanz-, Betriebs- und Warenplanung in ganz Europa\" \/>\n<meta property=\"og:url\" content=\"https:\/\/wwwstg.board.com\/de\/news\/tedi-setzt-auf-board-zur-vereinheitlichung-und-modernisierung-der-unternehmensplanung\" \/>\n<meta property=\"og:site_name\" content=\"Board\" \/>\n<meta property=\"article:publisher\" content=\"https:\/\/www.facebook.com\/BOARD.International\" \/>\n<meta property=\"article:published_time\" content=\"2025-09-22T08:00:00+00:00\" \/>\n<meta property=\"article:modified_time\" content=\"2025-09-23T15:20:08+00:00\" \/>\n<meta name=\"author\" content=\"Marc Fauquembergue\" \/>\n<meta name=\"twitter:card\" content=\"summary_large_image\" \/>\n<meta name=\"twitter:creator\" content=\"@BOARDSoftware\" \/>\n<meta name=\"twitter:site\" content=\"@BOARDSoftware\" \/>\n<meta name=\"twitter:label1\" content=\"Verfasst von\" \/>\n\t<meta name=\"twitter:data1\" content=\"Marc Fauquembergue\" \/>\n\t<meta name=\"twitter:label2\" content=\"Gesch\u00e4tzte Lesezeit\" \/>\n\t<meta name=\"twitter:data2\" content=\"3 Minuten\" \/>\n<script type=\"application\/ld+json\" class=\"yoast-schema-graph\">{\"@context\":\"https:\\\/\\\/schema.org\",\"@graph\":[{\"@type\":\"Article\",\"@id\":\"https:\\\/\\\/wwwstg.board.com\\\/de\\\/news\\\/tedi-setzt-auf-board-zur-vereinheitlichung-und-modernisierung-der-unternehmensplanung#article\",\"isPartOf\":{\"@id\":\"https:\\\/\\\/wwwstg.board.com\\\/de\\\/news\\\/tedi-setzt-auf-board-zur-vereinheitlichung-und-modernisierung-der-unternehmensplanung\"},\"author\":{\"name\":\"Marc Fauquembergue\",\"@id\":\"https:\\\/\\\/wwwstg.board.com\\\/de#\\\/schema\\\/person\\\/6ac8c68ced51e4a5b22b157a8ad502ed\"},\"headline\":\"TEDi setzt auf Board zur Vereinheitlichung und Modernisierung der Unternehmensplanung\",\"datePublished\":\"2025-09-22T08:00:00+00:00\",\"dateModified\":\"2025-09-23T15:20:08+00:00\",\"mainEntityOfPage\":{\"@id\":\"https:\\\/\\\/wwwstg.board.com\\\/de\\\/news\\\/tedi-setzt-auf-board-zur-vereinheitlichung-und-modernisierung-der-unternehmensplanung\"},\"wordCount\":580,\"publisher\":{\"@id\":\"https:\\\/\\\/wwwstg.board.com\\\/de#organization\"},\"articleSection\":[\"Press Release\"],\"inLanguage\":\"de-DE\"},{\"@type\":\"WebPage\",\"@id\":\"https:\\\/\\\/wwwstg.board.com\\\/de\\\/news\\\/tedi-setzt-auf-board-zur-vereinheitlichung-und-modernisierung-der-unternehmensplanung\",\"url\":\"https:\\\/\\\/wwwstg.board.com\\\/de\\\/news\\\/tedi-setzt-auf-board-zur-vereinheitlichung-und-modernisierung-der-unternehmensplanung\",\"name\":\"Board | TEDi setzt auf Board zur Vereinheitlichung und Modernisierung der Unternehmensplanung\",\"isPartOf\":{\"@id\":\"https:\\\/\\\/wwwstg.board.com\\\/de#website\"},\"datePublished\":\"2025-09-22T08:00:00+00:00\",\"dateModified\":\"2025-09-23T15:20:08+00:00\",\"breadcrumb\":{\"@id\":\"https:\\\/\\\/wwwstg.board.com\\\/de\\\/news\\\/tedi-setzt-auf-board-zur-vereinheitlichung-und-modernisierung-der-unternehmensplanung#breadcrumb\"},\"inLanguage\":\"de-DE\",\"potentialAction\":[{\"@type\":\"ReadAction\",\"target\":[\"https:\\\/\\\/wwwstg.board.com\\\/de\\\/news\\\/tedi-setzt-auf-board-zur-vereinheitlichung-und-modernisierung-der-unternehmensplanung\"]}]},{\"@type\":\"BreadcrumbList\",\"@id\":\"https:\\\/\\\/wwwstg.board.com\\\/de\\\/news\\\/tedi-setzt-auf-board-zur-vereinheitlichung-und-modernisierung-der-unternehmensplanung#breadcrumb\",\"itemListElement\":[{\"@type\":\"ListItem\",\"position\":1,\"name\":\"Home\",\"item\":\"https:\\\/\\\/wwwstg.board.com\\\/de\"},{\"@type\":\"ListItem\",\"position\":2,\"name\":\"TEDi setzt auf Board zur Vereinheitlichung und Modernisierung der Unternehmensplanung\"}]},{\"@type\":\"WebSite\",\"@id\":\"https:\\\/\\\/wwwstg.board.com\\\/de#website\",\"url\":\"https:\\\/\\\/wwwstg.board.com\\\/de\",\"name\":\"Board\",\"description\":\"The Enterprise Planning Platform\",\"publisher\":{\"@id\":\"https:\\\/\\\/wwwstg.board.com\\\/de#organization\"},\"potentialAction\":[{\"@type\":\"SearchAction\",\"target\":{\"@type\":\"EntryPoint\",\"urlTemplate\":\"https:\\\/\\\/wwwstg.board.com\\\/de?s={search_term_string}\"},\"query-input\":{\"@type\":\"PropertyValueSpecification\",\"valueRequired\":true,\"valueName\":\"search_term_string\"}}],\"inLanguage\":\"de-DE\"},{\"@type\":\"Organization\",\"@id\":\"https:\\\/\\\/wwwstg.board.com\\\/de#organization\",\"name\":\"Board\",\"url\":\"https:\\\/\\\/wwwstg.board.com\\\/de\",\"logo\":{\"@type\":\"ImageObject\",\"inLanguage\":\"de-DE\",\"@id\":\"https:\\\/\\\/wwwstg.board.com\\\/de#\\\/schema\\\/logo\\\/image\\\/\",\"url\":\"https:\\\/\\\/wwwstg.board.com\\\/wp-content\\\/uploads\\\/2024\\\/08\\\/board-footer-logo-grey-0-1.png\",\"contentUrl\":\"https:\\\/\\\/wwwstg.board.com\\\/wp-content\\\/uploads\\\/2024\\\/08\\\/board-footer-logo-grey-0-1.png\",\"width\":297,\"height\":103,\"caption\":\"Board\"},\"image\":{\"@id\":\"https:\\\/\\\/wwwstg.board.com\\\/de#\\\/schema\\\/logo\\\/image\\\/\"},\"sameAs\":[\"https:\\\/\\\/www.facebook.com\\\/BOARD.International\",\"https:\\\/\\\/x.com\\\/BOARDSoftware\",\"https:\\\/\\\/www.linkedin.com\\\/company\\\/board\\\/\",\"https:\\\/\\\/www.youtube.com\\\/user\\\/BOARDInternationalSA\",\"https:\\\/\\\/en.wikipedia.org\\\/wiki\\\/Board_International\"]},{\"@type\":\"Person\",\"@id\":\"https:\\\/\\\/wwwstg.board.com\\\/de#\\\/schema\\\/person\\\/6ac8c68ced51e4a5b22b157a8ad502ed\",\"name\":\"Marc Fauquembergue\",\"image\":{\"@type\":\"ImageObject\",\"inLanguage\":\"de-DE\",\"@id\":\"\\\/\\\/wwwstg.board.com\\\/wp-content\\\/uploads\\\/wpo365\\\/profile-images\\\/96.png\",\"url\":\"\\\/\\\/wwwstg.board.com\\\/wp-content\\\/uploads\\\/wpo365\\\/profile-images\\\/96.png\",\"contentUrl\":\"\\\/\\\/wwwstg.board.com\\\/wp-content\\\/uploads\\\/wpo365\\\/profile-images\\\/96.png\",\"caption\":\"Marc Fauquembergue\"},\"url\":\"https:\\\/\\\/wwwstg.board.com\\\/de\\\/news\\\/author\\\/mfauquembergueboard-com\"}]}<\/script>\n<!-- \/ Yoast SEO plugin. -->","yoast_head_json":{"title":"Board | TEDi setzt auf Board zur Vereinheitlichung und Modernisierung der Unternehmensplanung","robots":{"index":"noindex","follow":"follow","max-snippet":"max-snippet:-1","max-image-preview":"max-image-preview:large","max-video-preview":"max-video-preview:-1"},"og_locale":"de_DE","og_type":"article","og_title":"Board | TEDi setzt auf Board zur Vereinheitlichung und Modernisierung der Unternehmensplanung","og_description":"Boards Enterprise Planning Platform erm\u00f6glicht TEDi die Integration von Finanz-, Betriebs- und Warenplanung in ganz Europa","og_url":"https:\/\/wwwstg.board.com\/de\/news\/tedi-setzt-auf-board-zur-vereinheitlichung-und-modernisierung-der-unternehmensplanung","og_site_name":"Board","article_publisher":"https:\/\/www.facebook.com\/BOARD.International","article_published_time":"2025-09-22T08:00:00+00:00","article_modified_time":"2025-09-23T15:20:08+00:00","author":"Marc Fauquembergue","twitter_card":"summary_large_image","twitter_creator":"@BOARDSoftware","twitter_site":"@BOARDSoftware","twitter_misc":{"Verfasst von":"Marc Fauquembergue","Gesch\u00e4tzte Lesezeit":"3 Minuten"},"schema":{"@context":"https:\/\/schema.org","@graph":[{"@type":"Article","@id":"https:\/\/wwwstg.board.com\/de\/news\/tedi-setzt-auf-board-zur-vereinheitlichung-und-modernisierung-der-unternehmensplanung#article","isPartOf":{"@id":"https:\/\/wwwstg.board.com\/de\/news\/tedi-setzt-auf-board-zur-vereinheitlichung-und-modernisierung-der-unternehmensplanung"},"author":{"name":"Marc Fauquembergue","@id":"https:\/\/wwwstg.board.com\/de#\/schema\/person\/6ac8c68ced51e4a5b22b157a8ad502ed"},"headline":"TEDi setzt auf Board zur Vereinheitlichung und Modernisierung der Unternehmensplanung","datePublished":"2025-09-22T08:00:00+00:00","dateModified":"2025-09-23T15:20:08+00:00","mainEntityOfPage":{"@id":"https:\/\/wwwstg.board.com\/de\/news\/tedi-setzt-auf-board-zur-vereinheitlichung-und-modernisierung-der-unternehmensplanung"},"wordCount":580,"publisher":{"@id":"https:\/\/wwwstg.board.com\/de#organization"},"articleSection":["Press Release"],"inLanguage":"de-DE"},{"@type":"WebPage","@id":"https:\/\/wwwstg.board.com\/de\/news\/tedi-setzt-auf-board-zur-vereinheitlichung-und-modernisierung-der-unternehmensplanung","url":"https:\/\/wwwstg.board.com\/de\/news\/tedi-setzt-auf-board-zur-vereinheitlichung-und-modernisierung-der-unternehmensplanung","name":"Board | TEDi setzt auf Board zur Vereinheitlichung und Modernisierung der Unternehmensplanung","isPartOf":{"@id":"https:\/\/wwwstg.board.com\/de#website"},"datePublished":"2025-09-22T08:00:00+00:00","dateModified":"2025-09-23T15:20:08+00:00","breadcrumb":{"@id":"https:\/\/wwwstg.board.com\/de\/news\/tedi-setzt-auf-board-zur-vereinheitlichung-und-modernisierung-der-unternehmensplanung#breadcrumb"},"inLanguage":"de-DE","potentialAction":[{"@type":"ReadAction","target":["https:\/\/wwwstg.board.com\/de\/news\/tedi-setzt-auf-board-zur-vereinheitlichung-und-modernisierung-der-unternehmensplanung"]}]},{"@type":"BreadcrumbList","@id":"https:\/\/wwwstg.board.com\/de\/news\/tedi-setzt-auf-board-zur-vereinheitlichung-und-modernisierung-der-unternehmensplanung#breadcrumb","itemListElement":[{"@type":"ListItem","position":1,"name":"Home","item":"https:\/\/wwwstg.board.com\/de"},{"@type":"ListItem","position":2,"name":"TEDi setzt auf Board zur Vereinheitlichung und Modernisierung der Unternehmensplanung"}]},{"@type":"WebSite","@id":"https:\/\/wwwstg.board.com\/de#website","url":"https:\/\/wwwstg.board.com\/de","name":"Board","description":"The Enterprise Planning Platform","publisher":{"@id":"https:\/\/wwwstg.board.com\/de#organization"},"potentialAction":[{"@type":"SearchAction","target":{"@type":"EntryPoint","urlTemplate":"https:\/\/wwwstg.board.com\/de?s={search_term_string}"},"query-input":{"@type":"PropertyValueSpecification","valueRequired":true,"valueName":"search_term_string"}}],"inLanguage":"de-DE"},{"@type":"Organization","@id":"https:\/\/wwwstg.board.com\/de#organization","name":"Board","url":"https:\/\/wwwstg.board.com\/de","logo":{"@type":"ImageObject","inLanguage":"de-DE","@id":"https:\/\/wwwstg.board.com\/de#\/schema\/logo\/image\/","url":"https:\/\/wwwstg.board.com\/wp-content\/uploads\/2024\/08\/board-footer-logo-grey-0-1.png","contentUrl":"https:\/\/wwwstg.board.com\/wp-content\/uploads\/2024\/08\/board-footer-logo-grey-0-1.png","width":297,"height":103,"caption":"Board"},"image":{"@id":"https:\/\/wwwstg.board.com\/de#\/schema\/logo\/image\/"},"sameAs":["https:\/\/www.facebook.com\/BOARD.International","https:\/\/x.com\/BOARDSoftware","https:\/\/www.linkedin.com\/company\/board\/","https:\/\/www.youtube.com\/user\/BOARDInternationalSA","https:\/\/en.wikipedia.org\/wiki\/Board_International"]},{"@type":"Person","@id":"https:\/\/wwwstg.board.com\/de#\/schema\/person\/6ac8c68ced51e4a5b22b157a8ad502ed","name":"Marc Fauquembergue","image":{"@type":"ImageObject","inLanguage":"de-DE","@id":"\/\/wwwstg.board.com\/wp-content\/uploads\/wpo365\/profile-images\/96.png","url":"\/\/wwwstg.board.com\/wp-content\/uploads\/wpo365\/profile-images\/96.png","contentUrl":"\/\/wwwstg.board.com\/wp-content\/uploads\/wpo365\/profile-images\/96.png","caption":"Marc Fauquembergue"},"url":"https:\/\/wwwstg.board.com\/de\/news\/author\/mfauquembergueboard-com"}]}},"_links":{"self":[{"href":"https:\/\/wwwstg.board.com\/de\/wp-json\/wp\/v2\/posts\/98969","targetHints":{"allow":["GET"]}}],"collection":[{"href":"https:\/\/wwwstg.board.com\/de\/wp-json\/wp\/v2\/posts"}],"about":[{"href":"https:\/\/wwwstg.board.com\/de\/wp-json\/wp\/v2\/types\/post"}],"author":[{"embeddable":true,"href":"https:\/\/wwwstg.board.com\/de\/wp-json\/wp\/v2\/users\/96"}],"replies":[{"embeddable":true,"href":"https:\/\/wwwstg.board.com\/de\/wp-json\/wp\/v2\/comments?post=98969"}],"version-history":[{"count":0,"href":"https:\/\/wwwstg.board.com\/de\/wp-json\/wp\/v2\/posts\/98969\/revisions"}],"wp:attachment":[{"href":"https:\/\/wwwstg.board.com\/de\/wp-json\/wp\/v2\/media?parent=98969"}],"wp:term":[{"taxonomy":"category","embeddable":true,"href":"https:\/\/wwwstg.board.com\/de\/wp-json\/wp\/v2\/categories?post=98969"},{"taxonomy":"post_tag","embeddable":true,"href":"https:\/\/wwwstg.board.com\/de\/wp-json\/wp\/v2\/tags?post=98969"}],"curies":[{"name":"wp","href":"https:\/\/api.w.org\/{rel}","templated":true}]}}